{"id":10095,"date":"2020-06-24T15:48:50","date_gmt":"2020-06-24T15:48:50","guid":{"rendered":"http:\/\/ms1.nyrany.cz\/?p=10095"},"modified":"2020-08-14T09:17:10","modified_gmt":"2020-08-14T09:17:10","slug":"louceni-se-skolnim-rokem","status":"publish","type":"post","link":"http:\/\/ms1.nyrany.cz\/?p=10095","title":{"rendered":"Lou\u010den\u00ed se \u0161koln\u00edm rokem"},"content":{"rendered":"<p>Leto\u0161n\u00ed \u0161koln\u00ed rok kon\u010d\u00ed&#8230;..<br \/>\nI kdy\u017e jeho druh\u00e1 polovina byla pro v\u0161echny bez rozd\u00edlu ne\u010dekan\u00e1, smutn\u00e1 a n\u00e1ro\u010dn\u00e1, p\u0159inesl tento rok  i spoustu kr\u00e1sn\u00fdch okam\u017eik\u016f. Tyto chv\u00edle se n\u00e1m natrvalo vryly do pam\u011bti a my jsme r\u00e1di, \u017ee jsme je mohli tr\u00e1vit spole\u010dn\u011b s d\u011btmi a v mnoha p\u0159\u00edpadech i s v\u00e1mi.<br \/>\nJedno mil\u00e9 a ne\u010dekan\u00e9 p\u0159ekvapen\u00ed &#8211; pod\u011bkov\u00e1n\u00ed, p\u0159iputovalo dnes  k n\u00e1m do \u0161kolky.<br \/>\nVlastn\u011b byly dv\u011b&#8230;. ka\u017ed\u00e9 p\u0159i\u0161lo jinou cestou a n\u00e1m  proslunily ob\u011b jeden v\u0161edn\u00ed den, kter\u00fd se r\u00e1zem stal kr\u00e1sn\u00fdm a povzbuzuj\u00edc\u00edm.<br \/>\nMy za n\u011b up\u0159\u00edmn\u011b d\u011bkujeme.<\/p>\n<p>I my si dovol\u00edme pod\u011bkovat v\u00e1m za to, \u017ee jste ned\u00edlnou sou\u010d\u00e1st\u00ed n\u00e1s.<br \/>\nJe s v\u00e1mi \u00fa\u017easn\u00e1 spolupr\u00e1ce.<br \/>\nP\u0159ejeme v\u00e1m klidnou pohodovou dovolenou, d\u011btem skv\u011bl\u00e9 pr\u00e1zdniny pln\u00e9 z\u00e1\u017eitk\u016f, budouc\u00edm prv\u0148\u00e1\u010dk\u016fm p\u0159ejeme \u0161\u0165astn\u00e9 vykro\u010den\u00ed do nov\u00e9 etapy na cest\u011b do sv\u011bta ,,dosp\u011bl\u00e1k\u016f,,.a t\u011b\u0161\u00edme se na v\u00e1s v\u0161echny na za\u010d\u00e1tku nov\u00e9ho \u0161koln\u00edho roku.<\/p>\n<p>M\u011bjte se a opatrujte se.<\/p>\n<p><img loading=\"lazy\" src=\"http:\/\/ms1.nyrany.cz\/wp-content\/uploads\/2020\/06\/2020-06-24-16-59-45-e1593011051800.jpg\" alt=\"\" width=\"800\" height=\"800\" class=\"aligncenter size-full wp-image-10094\" \/><\/p>\n","protected":false},"excerpt":{"rendered":"<p>Leto\u0161n\u00ed \u0161koln\u00ed rok kon\u010d\u00ed&#8230;.. I kdy\u017e jeho druh\u00e1 polovina byla pro v\u0161echny bez rozd\u00edlu ne\u010dekan\u00e1, smutn\u00e1 a n\u00e1ro\u010dn\u00e1, p\u0159inesl tento rok i spoustu kr\u00e1sn\u00fdch okam\u017eik\u016f. Tyto chv\u00edle se n\u00e1m natrvalo vryly do pam\u011bti a my jsme r\u00e1di, \u017ee jsme je mohli tr\u00e1vit spole\u010dn\u011b s d\u011btmi a v mnoha p\u0159\u00edpadech i s v\u00e1mi. Jedno mil\u00e9 a &hellip; <\/p>\n<p class=\"link-more\"><a href=\"http:\/\/ms1.nyrany.cz\/?p=10095\" class=\"more-link\">Continue reading<span class=\"screen-reader-text\"> &#8222;Lou\u010den\u00ed se \u0161koln\u00edm rokem&#8220;<\/span><\/a><\/p>\n","protected":false},"author":2,"featured_media":0,"comment_status":"open","ping_status":"open","sticky":false,"template":"","format":"standard","meta":[],"categories":[22,19],"tags":[],"_links":{"self":[{"href":"http:\/\/ms1.nyrany.cz\/index.php?rest_route=\/wp\/v2\/posts\/10095"}],"collection":[{"href":"http:\/\/ms1.nyrany.cz\/index.php?rest_route=\/wp\/v2\/posts"}],"about":[{"href":"http:\/\/ms1.nyrany.cz\/index.php?rest_route=\/wp\/v2\/types\/post"}],"author":[{"embeddable":true,"href":"http:\/\/ms1.nyrany.cz\/index.php?rest_route=\/wp\/v2\/users\/2"}],"replies":[{"embeddable":true,"href":"http:\/\/ms1.nyrany.cz\/index.php?rest_route=%2Fwp%2Fv2%2Fcomments&post=10095"}],"version-history":[{"count":4,"href":"http:\/\/ms1.nyrany.cz\/index.php?rest_route=\/wp\/v2\/posts\/10095\/revisions"}],"predecessor-version":[{"id":10103,"href":"http:\/\/ms1.nyrany.cz\/index.php?rest_route=\/wp\/v2\/posts\/10095\/revisions\/10103"}],"wp:attachment":[{"href":"http:\/\/ms1.nyrany.cz\/index.php?rest_route=%2Fwp%2Fv2%2Fmedia&parent=10095"}],"wp:term":[{"taxonomy":"category","embeddable":true,"href":"http:\/\/ms1.nyrany.cz\/index.php?rest_route=%2Fwp%2Fv2%2Fcategories&post=10095"},{"taxonomy":"post_tag","embeddable":true,"href":"http:\/\/ms1.nyrany.cz\/index.php?rest_route=%2Fwp%2Fv2%2Ftags&post=10095"}],"curies":[{"name":"wp","href":"https:\/\/api.w.org\/{rel}","templated":true}]}}